{"id":186,"date":"2016-08-16T17:38:31","date_gmt":"2016-08-16T17:38:31","guid":{"rendered":"https:\/\/www.bonfils.augustinfrancois.fr\/2016\/08\/16\/assicurazione-protezione-giuridica\/"},"modified":"2016-08-16T17:38:31","modified_gmt":"2016-08-16T17:38:31","slug":"assicurazione-protezione-giuridica","status":"publish","type":"post","link":"https:\/\/www.avocatsbonfilsdijon.com\/it\/assicurazione-protezione-giuridica\/","title":{"rendered":"Assicurazione Protezione Giuridica"},"content":{"rendered":"<p>Quando si \u00e8 confrontati alla possibilit\u00e0 di una causa giudiziaria, \u00e8 raccomandato di verificare se non si ha il beneficio di una garanzia Protezione Giuridica fra le varie polize assucurative sottiscritte.<\/p>\n<div id=\"attachment_645\" style=\"width: 630px\" class=\"wp-caption aligncenter\"><img loading=\"lazy\" decoding=\"async\" aria-describedby=\"caption-attachment-645\" class=\" aligncenter size-full wp-image-645\" src=\"https:\/\/www.avocatsbonfilsdijon.com\/wp-content\/uploads\/2010\/08\/aloxe-corton-011413018.jpg\" alt=\"Les vignes \u00e0 Aloxe-Corton\" title=\"Les vignes \u00e0 Aloxe-Corton\" class=\"caption\" align=\"center\" width=\"620\" height=\"391\" srcset=\"https:\/\/www.avocatsbonfilsdijon.com\/wp-content\/uploads\/2010\/08\/aloxe-corton-011413018.jpg 620w, https:\/\/www.avocatsbonfilsdijon.com\/wp-content\/uploads\/2010\/08\/aloxe-corton-011413018-480x303.jpg 480w\" sizes=\"(min-width: 0px) and (max-width: 480px) 480px, (min-width: 481px) 620px, 100vw\" \/><p id=\"caption-attachment-645\" class=\"wp-caption-text\">Les vignes \u00e0 Aloxe-Corton<\/p><\/div>\n<p>In questa eventualit\u00e0, la legge francese prevvede che l\u2019assicurato \u00e8 libero di fare scelta del proprio avvocato. Invece deve avere dichiarato il sinistro (la causa) nelle scadenze prevviste dal poliza assicurativa.<\/p>\n<p>L\u2019avvocato dovr\u00e0 prevvedere un contratto relativo alla sua parcella con l\u2019assicurazione.<\/p>\n<p>Questo contratto \u00e8 variabile in funzione della poliza assicurativa\u00a0:<\/p>\n<ul>\n<li> certe assicurazione fanno pagare il cliente poi lo rimborsano,<\/li>\n<li> altre accettano di pagare direttamente le parcelle dell\u2019avvocato,<\/li>\n<li> molte limitano la loro partecipazione finanziara, il resto della parcella \u00e8 assunta dal cliente\/<\/li>\n<\/ul>\n<p>Referitevi alla vostra polizza assicurativa.<\/p>\n","protected":false},"excerpt":{"rendered":"<p>Quando si \u00e8 confrontati alla possibilit\u00e0 di una causa giudiziaria, \u00e8 raccomandato di verificare se non si ha il beneficio di una garanzia Protezione Giuridica fra le varie polize assucurative sottiscritte. In questa eventualit\u00e0, la legge francese prevvede che l\u2019assicurato \u00e8 libero di fare scelta del proprio avvocato. Invece deve avere dichiarato il sinistro (la [&hellip;]<\/p>\n","protected":false},"author":2,"featured_media":645,"comment_status":"closed","ping_status":"open","sticky":false,"template":"","format":"standard","meta":{"_et_pb_use_builder":"","_et_pb_old_content":"","_et_gb_content_width":"","footnotes":""},"categories":[22],"tags":[],"class_list":["post-186","post","type-post","status-publish","format-standard","has-post-thumbnail","hentry","category-tarificazione"],"yoast_head":"<!-- This site is optimized with the Yoast SEO plugin v27.5 - https:\/\/yoast.com\/product\/yoast-seo-wordpress\/ -->\n<title>Assicurazione Protezione Giuridica - Cabinet d&#039;avocats BONFILS<\/title>\n<meta name=\"robots\" content=\"index, follow, max-snippet:-1, max-image-preview:large, max-video-preview:-1\" \/>\n<link rel=\"canonical\" href=\"https:\/\/www.avocatsbonfilsdijon.com\/it\/assicurazione-protezione-giuridica\/\" \/>\n<meta property=\"og:locale\" content=\"it_IT\" \/>\n<meta property=\"og:type\" content=\"article\" \/>\n<meta property=\"og:title\" content=\"Assicurazione Protezione Giuridica - Cabinet d&#039;avocats BONFILS\" \/>\n<meta property=\"og:description\" content=\"Quando si \u00e8 confrontati alla possibilit\u00e0 di una causa giudiziaria, \u00e8 raccomandato di verificare se non si ha il beneficio di una garanzia Protezione Giuridica fra le varie polize assucurative sottiscritte. In questa eventualit\u00e0, la legge francese prevvede che l\u2019assicurato \u00e8 libero di fare scelta del proprio avvocato. Invece deve avere dichiarato il sinistro (la [&hellip;]\" \/>\n<meta property=\"og:url\" content=\"https:\/\/www.avocatsbonfilsdijon.com\/it\/assicurazione-protezione-giuridica\/\" \/>\n<meta property=\"og:site_name\" content=\"Cabinet d&#039;avocats BONFILS\" \/>\n<meta property=\"article:publisher\" content=\"https:\/\/www.facebook.com\/profile.php?id=100057333713365\" \/>\n<meta property=\"article:published_time\" content=\"2016-08-16T17:38:31+00:00\" \/>\n<meta property=\"og:image\" content=\"https:\/\/www.avocatsbonfilsdijon.com\/wp-content\/uploads\/2010\/08\/aloxe-corton-011413018.jpg\" \/>\n\t<meta property=\"og:image:width\" content=\"620\" \/>\n\t<meta property=\"og:image:height\" content=\"391\" \/>\n\t<meta property=\"og:image:type\" content=\"image\/jpeg\" \/>\n<meta name=\"author\" content=\"i-com\" \/>\n<meta name=\"twitter:card\" content=\"summary_large_image\" \/>\n<meta name=\"twitter:label1\" content=\"Scritto da\" \/>\n\t<meta name=\"twitter:data1\" content=\"i-com\" \/>\n\t<meta name=\"twitter:label2\" content=\"Tempo di lettura stimato\" \/>\n\t<meta name=\"twitter:data2\" content=\"1 minuto\" \/>\n<script type=\"application\/ld+json\" class=\"yoast-schema-graph\">{\"@context\":\"https:\\\/\\\/schema.org\",\"@graph\":[{\"@type\":\"Article\",\"@id\":\"https:\\\/\\\/www.avocatsbonfilsdijon.com\\\/it\\\/assicurazione-protezione-giuridica\\\/#article\",\"isPartOf\":{\"@id\":\"https:\\\/\\\/www.avocatsbonfilsdijon.com\\\/it\\\/assicurazione-protezione-giuridica\\\/\"},\"author\":{\"name\":\"i-com\",\"@id\":\"https:\\\/\\\/www.avocatsbonfilsdijon.com\\\/it\\\/#\\\/schema\\\/person\\\/114d761cf0dc40a742376e2f73f7c24f\"},\"headline\":\"Assicurazione Protezione Giuridica\",\"datePublished\":\"2016-08-16T17:38:31+00:00\",\"mainEntityOfPage\":{\"@id\":\"https:\\\/\\\/www.avocatsbonfilsdijon.com\\\/it\\\/assicurazione-protezione-giuridica\\\/\"},\"wordCount\":130,\"publisher\":{\"@id\":\"https:\\\/\\\/www.avocatsbonfilsdijon.com\\\/it\\\/#organization\"},\"image\":{\"@id\":\"https:\\\/\\\/www.avocatsbonfilsdijon.com\\\/it\\\/assicurazione-protezione-giuridica\\\/#primaryimage\"},\"thumbnailUrl\":\"https:\\\/\\\/www.avocatsbonfilsdijon.com\\\/wp-content\\\/uploads\\\/2010\\\/08\\\/aloxe-corton-011413018.jpg\",\"articleSection\":[\"Tarificazione\"],\"inLanguage\":\"it-IT\"},{\"@type\":\"WebPage\",\"@id\":\"https:\\\/\\\/www.avocatsbonfilsdijon.com\\\/it\\\/assicurazione-protezione-giuridica\\\/\",\"url\":\"https:\\\/\\\/www.avocatsbonfilsdijon.com\\\/it\\\/assicurazione-protezione-giuridica\\\/\",\"name\":\"Assicurazione Protezione Giuridica - Cabinet d&#039;avocats BONFILS\",\"isPartOf\":{\"@id\":\"https:\\\/\\\/www.avocatsbonfilsdijon.com\\\/it\\\/#website\"},\"primaryImageOfPage\":{\"@id\":\"https:\\\/\\\/www.avocatsbonfilsdijon.com\\\/it\\\/assicurazione-protezione-giuridica\\\/#primaryimage\"},\"image\":{\"@id\":\"https:\\\/\\\/www.avocatsbonfilsdijon.com\\\/it\\\/assicurazione-protezione-giuridica\\\/#primaryimage\"},\"thumbnailUrl\":\"https:\\\/\\\/www.avocatsbonfilsdijon.com\\\/wp-content\\\/uploads\\\/2010\\\/08\\\/aloxe-corton-011413018.jpg\",\"datePublished\":\"2016-08-16T17:38:31+00:00\",\"breadcrumb\":{\"@id\":\"https:\\\/\\\/www.avocatsbonfilsdijon.com\\\/it\\\/assicurazione-protezione-giuridica\\\/#breadcrumb\"},\"inLanguage\":\"it-IT\",\"potentialAction\":[{\"@type\":\"ReadAction\",\"target\":[\"https:\\\/\\\/www.avocatsbonfilsdijon.com\\\/it\\\/assicurazione-protezione-giuridica\\\/\"]}]},{\"@type\":\"ImageObject\",\"inLanguage\":\"it-IT\",\"@id\":\"https:\\\/\\\/www.avocatsbonfilsdijon.com\\\/it\\\/assicurazione-protezione-giuridica\\\/#primaryimage\",\"url\":\"https:\\\/\\\/www.avocatsbonfilsdijon.com\\\/wp-content\\\/uploads\\\/2010\\\/08\\\/aloxe-corton-011413018.jpg\",\"contentUrl\":\"https:\\\/\\\/www.avocatsbonfilsdijon.com\\\/wp-content\\\/uploads\\\/2010\\\/08\\\/aloxe-corton-011413018.jpg\",\"width\":620,\"height\":391,\"caption\":\"Les vignes \u00e0 Aloxe-Corton\"},{\"@type\":\"BreadcrumbList\",\"@id\":\"https:\\\/\\\/www.avocatsbonfilsdijon.com\\\/it\\\/assicurazione-protezione-giuridica\\\/#breadcrumb\",\"itemListElement\":[{\"@type\":\"ListItem\",\"position\":1,\"name\":\"Accueil\",\"item\":\"https:\\\/\\\/www.avocatsbonfilsdijon.com\\\/it\\\/\"},{\"@type\":\"ListItem\",\"position\":2,\"name\":\"Assicurazione Protezione Giuridica\"}]},{\"@type\":\"WebSite\",\"@id\":\"https:\\\/\\\/www.avocatsbonfilsdijon.com\\\/it\\\/#website\",\"url\":\"https:\\\/\\\/www.avocatsbonfilsdijon.com\\\/it\\\/\",\"name\":\"Cabinet d'avocats BONFILS Dijon\",\"description\":\"Cabinet d&#039;avocats BONFILS\",\"publisher\":{\"@id\":\"https:\\\/\\\/www.avocatsbonfilsdijon.com\\\/it\\\/#organization\"},\"potentialAction\":[{\"@type\":\"SearchAction\",\"target\":{\"@type\":\"EntryPoint\",\"urlTemplate\":\"https:\\\/\\\/www.avocatsbonfilsdijon.com\\\/it\\\/?s={search_term_string}\"},\"query-input\":{\"@type\":\"PropertyValueSpecification\",\"valueRequired\":true,\"valueName\":\"search_term_string\"}}],\"inLanguage\":\"it-IT\"},{\"@type\":\"Organization\",\"@id\":\"https:\\\/\\\/www.avocatsbonfilsdijon.com\\\/it\\\/#organization\",\"name\":\"cabinet Bonfils\",\"url\":\"https:\\\/\\\/www.avocatsbonfilsdijon.com\\\/it\\\/\",\"logo\":{\"@type\":\"ImageObject\",\"inLanguage\":\"it-IT\",\"@id\":\"https:\\\/\\\/www.avocatsbonfilsdijon.com\\\/it\\\/#\\\/schema\\\/logo\\\/image\\\/\",\"url\":\"https:\\\/\\\/www.avocatsbonfilsdijon.com\\\/wp-content\\\/uploads\\\/2024\\\/10\\\/Bonfils_logo.png\",\"contentUrl\":\"https:\\\/\\\/www.avocatsbonfilsdijon.com\\\/wp-content\\\/uploads\\\/2024\\\/10\\\/Bonfils_logo.png\",\"width\":704,\"height\":250,\"caption\":\"cabinet Bonfils\"},\"image\":{\"@id\":\"https:\\\/\\\/www.avocatsbonfilsdijon.com\\\/it\\\/#\\\/schema\\\/logo\\\/image\\\/\"},\"sameAs\":[\"https:\\\/\\\/www.facebook.com\\\/profile.php?id=100057333713365\"]},{\"@type\":\"Person\",\"@id\":\"https:\\\/\\\/www.avocatsbonfilsdijon.com\\\/it\\\/#\\\/schema\\\/person\\\/114d761cf0dc40a742376e2f73f7c24f\",\"name\":\"i-com\",\"image\":{\"@type\":\"ImageObject\",\"inLanguage\":\"it-IT\",\"@id\":\"https:\\\/\\\/secure.gravatar.com\\\/avatar\\\/ec2ac23c9bd70afbac0600fbf7630436c84f8a0b96d39eebf447a8431661c059?s=96&d=mm&r=g\",\"url\":\"https:\\\/\\\/secure.gravatar.com\\\/avatar\\\/ec2ac23c9bd70afbac0600fbf7630436c84f8a0b96d39eebf447a8431661c059?s=96&d=mm&r=g\",\"contentUrl\":\"https:\\\/\\\/secure.gravatar.com\\\/avatar\\\/ec2ac23c9bd70afbac0600fbf7630436c84f8a0b96d39eebf447a8431661c059?s=96&d=mm&r=g\",\"caption\":\"i-com\"}}]}<\/script>\n<!-- \/ Yoast SEO plugin. -->","yoast_head_json":{"title":"Assicurazione Protezione Giuridica - Cabinet d&#039;avocats BONFILS","robots":{"index":"index","follow":"follow","max-snippet":"max-snippet:-1","max-image-preview":"max-image-preview:large","max-video-preview":"max-video-preview:-1"},"canonical":"https:\/\/www.avocatsbonfilsdijon.com\/it\/assicurazione-protezione-giuridica\/","og_locale":"it_IT","og_type":"article","og_title":"Assicurazione Protezione Giuridica - Cabinet d&#039;avocats BONFILS","og_description":"Quando si \u00e8 confrontati alla possibilit\u00e0 di una causa giudiziaria, \u00e8 raccomandato di verificare se non si ha il beneficio di una garanzia Protezione Giuridica fra le varie polize assucurative sottiscritte. In questa eventualit\u00e0, la legge francese prevvede che l\u2019assicurato \u00e8 libero di fare scelta del proprio avvocato. Invece deve avere dichiarato il sinistro (la [&hellip;]","og_url":"https:\/\/www.avocatsbonfilsdijon.com\/it\/assicurazione-protezione-giuridica\/","og_site_name":"Cabinet d&#039;avocats BONFILS","article_publisher":"https:\/\/www.facebook.com\/profile.php?id=100057333713365","article_published_time":"2016-08-16T17:38:31+00:00","og_image":[{"width":620,"height":391,"url":"https:\/\/www.avocatsbonfilsdijon.com\/wp-content\/uploads\/2010\/08\/aloxe-corton-011413018.jpg","type":"image\/jpeg"}],"author":"i-com","twitter_card":"summary_large_image","twitter_misc":{"Scritto da":"i-com","Tempo di lettura stimato":"1 minuto"},"schema":{"@context":"https:\/\/schema.org","@graph":[{"@type":"Article","@id":"https:\/\/www.avocatsbonfilsdijon.com\/it\/assicurazione-protezione-giuridica\/#article","isPartOf":{"@id":"https:\/\/www.avocatsbonfilsdijon.com\/it\/assicurazione-protezione-giuridica\/"},"author":{"name":"i-com","@id":"https:\/\/www.avocatsbonfilsdijon.com\/it\/#\/schema\/person\/114d761cf0dc40a742376e2f73f7c24f"},"headline":"Assicurazione Protezione Giuridica","datePublished":"2016-08-16T17:38:31+00:00","mainEntityOfPage":{"@id":"https:\/\/www.avocatsbonfilsdijon.com\/it\/assicurazione-protezione-giuridica\/"},"wordCount":130,"publisher":{"@id":"https:\/\/www.avocatsbonfilsdijon.com\/it\/#organization"},"image":{"@id":"https:\/\/www.avocatsbonfilsdijon.com\/it\/assicurazione-protezione-giuridica\/#primaryimage"},"thumbnailUrl":"https:\/\/www.avocatsbonfilsdijon.com\/wp-content\/uploads\/2010\/08\/aloxe-corton-011413018.jpg","articleSection":["Tarificazione"],"inLanguage":"it-IT"},{"@type":"WebPage","@id":"https:\/\/www.avocatsbonfilsdijon.com\/it\/assicurazione-protezione-giuridica\/","url":"https:\/\/www.avocatsbonfilsdijon.com\/it\/assicurazione-protezione-giuridica\/","name":"Assicurazione Protezione Giuridica - Cabinet d&#039;avocats BONFILS","isPartOf":{"@id":"https:\/\/www.avocatsbonfilsdijon.com\/it\/#website"},"primaryImageOfPage":{"@id":"https:\/\/www.avocatsbonfilsdijon.com\/it\/assicurazione-protezione-giuridica\/#primaryimage"},"image":{"@id":"https:\/\/www.avocatsbonfilsdijon.com\/it\/assicurazione-protezione-giuridica\/#primaryimage"},"thumbnailUrl":"https:\/\/www.avocatsbonfilsdijon.com\/wp-content\/uploads\/2010\/08\/aloxe-corton-011413018.jpg","datePublished":"2016-08-16T17:38:31+00:00","breadcrumb":{"@id":"https:\/\/www.avocatsbonfilsdijon.com\/it\/assicurazione-protezione-giuridica\/#breadcrumb"},"inLanguage":"it-IT","potentialAction":[{"@type":"ReadAction","target":["https:\/\/www.avocatsbonfilsdijon.com\/it\/assicurazione-protezione-giuridica\/"]}]},{"@type":"ImageObject","inLanguage":"it-IT","@id":"https:\/\/www.avocatsbonfilsdijon.com\/it\/assicurazione-protezione-giuridica\/#primaryimage","url":"https:\/\/www.avocatsbonfilsdijon.com\/wp-content\/uploads\/2010\/08\/aloxe-corton-011413018.jpg","contentUrl":"https:\/\/www.avocatsbonfilsdijon.com\/wp-content\/uploads\/2010\/08\/aloxe-corton-011413018.jpg","width":620,"height":391,"caption":"Les vignes \u00e0 Aloxe-Corton"},{"@type":"BreadcrumbList","@id":"https:\/\/www.avocatsbonfilsdijon.com\/it\/assicurazione-protezione-giuridica\/#breadcrumb","itemListElement":[{"@type":"ListItem","position":1,"name":"Accueil","item":"https:\/\/www.avocatsbonfilsdijon.com\/it\/"},{"@type":"ListItem","position":2,"name":"Assicurazione Protezione Giuridica"}]},{"@type":"WebSite","@id":"https:\/\/www.avocatsbonfilsdijon.com\/it\/#website","url":"https:\/\/www.avocatsbonfilsdijon.com\/it\/","name":"Cabinet d'avocats BONFILS Dijon","description":"Cabinet d&#039;avocats BONFILS","publisher":{"@id":"https:\/\/www.avocatsbonfilsdijon.com\/it\/#organization"},"potentialAction":[{"@type":"SearchAction","target":{"@type":"EntryPoint","urlTemplate":"https:\/\/www.avocatsbonfilsdijon.com\/it\/?s={search_term_string}"},"query-input":{"@type":"PropertyValueSpecification","valueRequired":true,"valueName":"search_term_string"}}],"inLanguage":"it-IT"},{"@type":"Organization","@id":"https:\/\/www.avocatsbonfilsdijon.com\/it\/#organization","name":"cabinet Bonfils","url":"https:\/\/www.avocatsbonfilsdijon.com\/it\/","logo":{"@type":"ImageObject","inLanguage":"it-IT","@id":"https:\/\/www.avocatsbonfilsdijon.com\/it\/#\/schema\/logo\/image\/","url":"https:\/\/www.avocatsbonfilsdijon.com\/wp-content\/uploads\/2024\/10\/Bonfils_logo.png","contentUrl":"https:\/\/www.avocatsbonfilsdijon.com\/wp-content\/uploads\/2024\/10\/Bonfils_logo.png","width":704,"height":250,"caption":"cabinet Bonfils"},"image":{"@id":"https:\/\/www.avocatsbonfilsdijon.com\/it\/#\/schema\/logo\/image\/"},"sameAs":["https:\/\/www.facebook.com\/profile.php?id=100057333713365"]},{"@type":"Person","@id":"https:\/\/www.avocatsbonfilsdijon.com\/it\/#\/schema\/person\/114d761cf0dc40a742376e2f73f7c24f","name":"i-com","image":{"@type":"ImageObject","inLanguage":"it-IT","@id":"https:\/\/secure.gravatar.com\/avatar\/ec2ac23c9bd70afbac0600fbf7630436c84f8a0b96d39eebf447a8431661c059?s=96&d=mm&r=g","url":"https:\/\/secure.gravatar.com\/avatar\/ec2ac23c9bd70afbac0600fbf7630436c84f8a0b96d39eebf447a8431661c059?s=96&d=mm&r=g","contentUrl":"https:\/\/secure.gravatar.com\/avatar\/ec2ac23c9bd70afbac0600fbf7630436c84f8a0b96d39eebf447a8431661c059?s=96&d=mm&r=g","caption":"i-com"}}]}},"_links":{"self":[{"href":"https:\/\/www.avocatsbonfilsdijon.com\/it\/wp-json\/wp\/v2\/posts\/186","targetHints":{"allow":["GET"]}}],"collection":[{"href":"https:\/\/www.avocatsbonfilsdijon.com\/it\/wp-json\/wp\/v2\/posts"}],"about":[{"href":"https:\/\/www.avocatsbonfilsdijon.com\/it\/wp-json\/wp\/v2\/types\/post"}],"author":[{"embeddable":true,"href":"https:\/\/www.avocatsbonfilsdijon.com\/it\/wp-json\/wp\/v2\/users\/2"}],"replies":[{"embeddable":true,"href":"https:\/\/www.avocatsbonfilsdijon.com\/it\/wp-json\/wp\/v2\/comments?post=186"}],"version-history":[{"count":0,"href":"https:\/\/www.avocatsbonfilsdijon.com\/it\/wp-json\/wp\/v2\/posts\/186\/revisions"}],"wp:featuredmedia":[{"embeddable":true,"href":"https:\/\/www.avocatsbonfilsdijon.com\/it\/wp-json\/wp\/v2\/media\/645"}],"wp:attachment":[{"href":"https:\/\/www.avocatsbonfilsdijon.com\/it\/wp-json\/wp\/v2\/media?parent=186"}],"wp:term":[{"taxonomy":"category","embeddable":true,"href":"https:\/\/www.avocatsbonfilsdijon.com\/it\/wp-json\/wp\/v2\/categories?post=186"},{"taxonomy":"post_tag","embeddable":true,"href":"https:\/\/www.avocatsbonfilsdijon.com\/it\/wp-json\/wp\/v2\/tags?post=186"}],"curies":[{"name":"wp","href":"https:\/\/api.w.org\/{rel}","templated":true}]}}